{"id":1375,"date":"2023-11-14T17:17:49","date_gmt":"2023-11-14T17:17:49","guid":{"rendered":"https:\/\/prim.college-st-michel.info\/?p=1375"},"modified":"2023-12-12T11:47:19","modified_gmt":"2023-12-12T11:47:19","slug":"save-the-date","status":"publish","type":"post","link":"https:\/\/prim.college-st-michel.info\/index.php\/2023\/11\/14\/save-the-date\/","title":{"rendered":"SAVE THE DATE"},"content":{"rendered":"\n<p>Le\u00a0<strong>mardi 19 d\u00e9cembre 2023<\/strong> aura lieu notre traditionnel March\u00e9 de No\u00ebl\u00a0! Nous aurons le plaisir de vous accueillir\u00a0<strong>de 15h15 \u00e0 17h30 dans le P\u00e9ristyle<\/strong> afin de nous retrouver dans une ambiance festive autour des cr\u00e9ations de vos enfants et d\u2019un bon go\u00fbter.\u00a0<\/p>\n\n\n\n<p>Toute l&rsquo;\u00e9quipe \u00e9ducative est tr\u00e8s impatiente de vous retrouver dans la joie de No\u00ebl et tient \u00e0 vous remercier d\u00e9j\u00e0 pour votre pr\u00e9sence et votre pr\u00e9cieuse collaboration.<\/p>\n\n\n\n<p>P.S. : Pensez \u00e0 prendre de la petite monnaie ainsi qu\u2019un sac r\u00e9utilisable pour ranger et transporter vos futurs achats.&nbsp;<\/p>\n\n\n\n<figure class=\"wp-block-image size-large\"><img fetchpriority=\"high\" decoding=\"async\" width=\"720\" height=\"1024\" src=\"https:\/\/prim.college-st-michel.info\/wp-content\/uploads\/2023\/12\/affiche-marche-de-Noel-23-OK-720x1024.png\" alt=\"\" class=\"wp-image-1406\" srcset=\"https:\/\/prim.college-st-michel.info\/wp-content\/uploads\/2023\/12\/affiche-marche-de-Noel-23-OK-720x1024.png 720w, https:\/\/prim.college-st-michel.info\/wp-content\/uploads\/2023\/12\/affiche-marche-de-Noel-23-OK-211x300.png 211w, https:\/\/prim.college-st-michel.info\/wp-content\/uploads\/2023\/12\/affiche-marche-de-Noel-23-OK-768x1092.png 768w, https:\/\/prim.college-st-michel.info\/wp-content\/uploads\/2023\/12\/affiche-marche-de-Noel-23-OK-1080x1536.png 1080w, https:\/\/prim.college-st-michel.info\/wp-content\/uploads\/2023\/12\/affiche-marche-de-Noel-23-OK.png 1266w\" sizes=\"(max-width: 720px) 100vw, 720px\" \/><\/figure>\n","protected":false},"excerpt":{"rendered":"<p>Le\u00a0mardi 19 d\u00e9cembre 2023 aura lieu notre traditionnel March\u00e9 de No\u00ebl\u00a0! Nous aurons le plaisir de vous accueillir\u00a0de 15h15 \u00e0 17h30 dans le P\u00e9ristyle afin de nous retrouver dans une ambiance festive autour des cr\u00e9ations de vos enfants et d\u2019un bon go\u00fbter.\u00a0 Toute l&rsquo;\u00e9quipe \u00e9ducative est tr\u00e8s impatiente de vous retrouver dans la joie de&hellip;<\/p>\n","protected":false},"author":1,"featured_media":1376,"comment_status":"closed","ping_status":"closed","sticky":false,"template":"","format":"standard","meta":{"footnotes":""},"categories":[4,5,1],"tags":[],"class_list":["post-1375","post","type-post","status-publish","format-standard","has-post-thumbnail","hentry","category-blog","category-news","category-uncategorized"],"_links":{"self":[{"href":"https:\/\/prim.college-st-michel.info\/index.php\/wp-json\/wp\/v2\/posts\/1375","targetHints":{"allow":["GET"]}}],"collection":[{"href":"https:\/\/prim.college-st-michel.info\/index.php\/wp-json\/wp\/v2\/posts"}],"about":[{"href":"https:\/\/prim.college-st-michel.info\/index.php\/wp-json\/wp\/v2\/types\/post"}],"author":[{"embeddable":true,"href":"https:\/\/prim.college-st-michel.info\/index.php\/wp-json\/wp\/v2\/users\/1"}],"replies":[{"embeddable":true,"href":"https:\/\/prim.college-st-michel.info\/index.php\/wp-json\/wp\/v2\/comments?post=1375"}],"version-history":[{"count":5,"href":"https:\/\/prim.college-st-michel.info\/index.php\/wp-json\/wp\/v2\/posts\/1375\/revisions"}],"predecessor-version":[{"id":1436,"href":"https:\/\/prim.college-st-michel.info\/index.php\/wp-json\/wp\/v2\/posts\/1375\/revisions\/1436"}],"wp:featuredmedia":[{"embeddable":true,"href":"https:\/\/prim.college-st-michel.info\/index.php\/wp-json\/wp\/v2\/media\/1376"}],"wp:attachment":[{"href":"https:\/\/prim.college-st-michel.info\/index.php\/wp-json\/wp\/v2\/media?parent=1375"}],"wp:term":[{"taxonomy":"category","embeddable":true,"href":"https:\/\/prim.college-st-michel.info\/index.php\/wp-json\/wp\/v2\/categories?post=1375"},{"taxonomy":"post_tag","embeddable":true,"href":"https:\/\/prim.college-st-michel.info\/index.php\/wp-json\/wp\/v2\/tags?post=1375"}],"curies":[{"name":"wp","href":"https:\/\/api.w.org\/{rel}","templated":true}]}}