{"id":757,"date":"2022-11-28T07:56:40","date_gmt":"2022-11-28T07:56:40","guid":{"rendered":"https:\/\/prim.college-st-michel.info\/?p=757"},"modified":"2022-12-13T16:43:33","modified_gmt":"2022-12-13T16:43:33","slug":"le-festival-du-livre","status":"publish","type":"post","link":"https:\/\/prim.college-st-michel.info\/index.php\/2022\/11\/28\/le-festival-du-livre\/","title":{"rendered":"Le Festival du livre"},"content":{"rendered":"\t\t<div data-elementor-type=\"wp-post\" data-elementor-id=\"757\" class=\"elementor elementor-757\">\n\t\t\t\t\t\t<section class=\"elementor-section elementor-top-section elementor-element elementor-element-2ce3846f elementor-section-boxed elementor-section-height-default elementor-section-height-default\" data-id=\"2ce3846f\" data-element_type=\"section\" data-e-type=\"section\">\n\t\t\t\t\t\t<div class=\"elementor-container elementor-column-gap-default\">\n\t\t\t\t\t<div class=\"elementor-column elementor-col-100 elementor-top-column elementor-element elementor-element-2416d020\" data-id=\"2416d020\" data-element_type=\"column\" data-e-type=\"column\">\n\t\t\t<div class=\"elementor-widget-wrap elementor-element-populated\">\n\t\t\t\t\t\t<div class=\"elementor-element elementor-element-756568ac elementor-widget elementor-widget-text-editor\" data-id=\"756568ac\" data-element_type=\"widget\" data-e-type=\"widget\" data-widget_type=\"text-editor.default\">\n\t\t\t\t<div class=\"elementor-widget-container\">\n\t\t\t\t\t\t\t\t\t\n<p id=\"viewer-foo\">Le Festival du livre se d\u00e9roulera <strong>du lundi 28 novembre au vendredi 2 d\u00e9cembre<\/strong>. A cette occasion, les \u00e9l\u00e8ves se rendront dans la biblioth\u00e8que de l&rsquo;\u00e9cole en compagnie de leur titulaire pour y d\u00e9couvrir une s\u00e9lection de livres adapt\u00e9s \u00e0 leur \u00e2ge. Les enfants auront alors l&rsquo;occasion d&rsquo;\u00e9tablir une liste de leurs coups de coeur, liste qu&rsquo;ils ram\u00e8neront \u00e0 la maison et qui pourra servir de base \u00e0 une \u00e9ventuelle commande en ligne.<\/p>\n\n\n\n<p id=\"viewer-80fuo\">Il faut savoir que 20% du montant des achats seront revers\u00e9s \u00e0 la biblioth\u00e8que sous forme de livres neufs&#8230; <strong>Acheter des livres lors du festival, c&rsquo;est donc aider la biblioth\u00e8que \u00e0 se renouveler!<\/strong><\/p>\n\n\n\n<p id=\"viewer-bcmqk\">Toute l&rsquo;\u00e9cole vous remercie pour votre contribution&#8230; et bonne lecture \u00e0 tous les \u00e9l\u00e8ves!<\/p>\n\t\t\t\t\t\t\t\t<\/div>\n\t\t\t\t<\/div>\n\t\t\t\t\t<\/div>\n\t\t<\/div>\n\t\t\t\t\t<\/div>\n\t\t<\/section>\n\t\t\t\t<section class=\"elementor-section elementor-top-section elementor-element elementor-element-0823f51 elementor-section-boxed elementor-section-height-default elementor-section-height-default\" data-id=\"0823f51\" data-element_type=\"section\" data-e-type=\"section\">\n\t\t\t\t\t\t<div class=\"elementor-container elementor-column-gap-default\">\n\t\t\t\t\t<div class=\"elementor-column elementor-col-100 elementor-top-column elementor-element elementor-element-8b4ac24\" data-id=\"8b4ac24\" data-element_type=\"column\" data-e-type=\"column\">\n\t\t\t<div class=\"elementor-widget-wrap elementor-element-populated\">\n\t\t\t\t\t\t<div class=\"elementor-element elementor-element-a65bee0 elementor-widget elementor-widget-image\" data-id=\"a65bee0\" data-element_type=\"widget\" data-e-type=\"widget\" data-widget_type=\"image.default\">\n\t\t\t\t<div class=\"elementor-widget-container\">\n\t\t\t\t\t\t\t\t\t\t\t\t\t\t\t<img fetchpriority=\"high\" decoding=\"async\" width=\"923\" height=\"456\" src=\"https:\/\/prim.college-st-michel.info\/wp-content\/uploads\/2022\/11\/IMG_7241-1024x506.jpg\" class=\"attachment-large size-large wp-image-767\" alt=\"\" srcset=\"https:\/\/prim.college-st-michel.info\/wp-content\/uploads\/2022\/11\/IMG_7241-1024x506.jpg 1024w, https:\/\/prim.college-st-michel.info\/wp-content\/uploads\/2022\/11\/IMG_7241-300x148.jpg 300w, https:\/\/prim.college-st-michel.info\/wp-content\/uploads\/2022\/11\/IMG_7241-768x380.jpg 768w, https:\/\/prim.college-st-michel.info\/wp-content\/uploads\/2022\/11\/IMG_7241-1536x759.jpg 1536w, https:\/\/prim.college-st-michel.info\/wp-content\/uploads\/2022\/11\/IMG_7241-2048x1012.jpg 2048w\" sizes=\"(max-width: 923px) 100vw, 923px\" \/>\t\t\t\t\t\t\t\t\t\t\t\t\t\t\t<\/div>\n\t\t\t\t<\/div>\n\t\t\t\t\t<\/div>\n\t\t<\/div>\n\t\t\t\t\t<\/div>\n\t\t<\/section>\n\t\t\t\t<section class=\"elementor-section elementor-top-section elementor-element elementor-element-d099d54 elementor-section-boxed elementor-section-height-default elementor-section-height-default\" data-id=\"d099d54\" data-element_type=\"section\" data-e-type=\"section\">\n\t\t\t\t\t\t<div class=\"elementor-container elementor-column-gap-default\">\n\t\t\t\t\t<div class=\"elementor-column elementor-col-100 elementor-top-column elementor-element elementor-element-2a73b51\" data-id=\"2a73b51\" data-element_type=\"column\" data-e-type=\"column\">\n\t\t\t<div class=\"elementor-widget-wrap elementor-element-populated\">\n\t\t\t\t\t\t<div class=\"elementor-element elementor-element-43d3cad elementor-widget elementor-widget-image\" data-id=\"43d3cad\" data-element_type=\"widget\" data-e-type=\"widget\" data-widget_type=\"image.default\">\n\t\t\t\t<div class=\"elementor-widget-container\">\n\t\t\t\t\t\t\t\t\t\t\t\t\t\t\t<img decoding=\"async\" width=\"923\" height=\"447\" src=\"https:\/\/prim.college-st-michel.info\/wp-content\/uploads\/2022\/11\/IMG_7243-1024x496.jpg\" class=\"attachment-large size-large wp-image-765\" alt=\"\" srcset=\"https:\/\/prim.college-st-michel.info\/wp-content\/uploads\/2022\/11\/IMG_7243-1024x496.jpg 1024w, https:\/\/prim.college-st-michel.info\/wp-content\/uploads\/2022\/11\/IMG_7243-300x145.jpg 300w, https:\/\/prim.college-st-michel.info\/wp-content\/uploads\/2022\/11\/IMG_7243-768x372.jpg 768w, https:\/\/prim.college-st-michel.info\/wp-content\/uploads\/2022\/11\/IMG_7243-1536x744.jpg 1536w, https:\/\/prim.college-st-michel.info\/wp-content\/uploads\/2022\/11\/IMG_7243-2048x992.jpg 2048w\" sizes=\"(max-width: 923px) 100vw, 923px\" \/>\t\t\t\t\t\t\t\t\t\t\t\t\t\t\t<\/div>\n\t\t\t\t<\/div>\n\t\t\t\t\t<\/div>\n\t\t<\/div>\n\t\t\t\t\t<\/div>\n\t\t<\/section>\n\t\t\t\t<section class=\"elementor-section elementor-top-section elementor-element elementor-element-051eaed elementor-section-boxed elementor-section-height-default elementor-section-height-default\" data-id=\"051eaed\" data-element_type=\"section\" data-e-type=\"section\">\n\t\t\t\t\t\t<div class=\"elementor-container elementor-column-gap-default\">\n\t\t\t\t\t<div class=\"elementor-column elementor-col-100 elementor-top-column elementor-element elementor-element-095740a\" data-id=\"095740a\" data-element_type=\"column\" data-e-type=\"column\">\n\t\t\t<div class=\"elementor-widget-wrap elementor-element-populated\">\n\t\t\t\t\t\t<div class=\"elementor-element elementor-element-6f571d3 elementor-widget elementor-widget-image\" data-id=\"6f571d3\" data-element_type=\"widget\" data-e-type=\"widget\" data-widget_type=\"image.default\">\n\t\t\t\t<div class=\"elementor-widget-container\">\n\t\t\t\t\t\t\t\t\t\t\t\t\t\t\t<img decoding=\"async\" width=\"923\" height=\"417\" src=\"https:\/\/prim.college-st-michel.info\/wp-content\/uploads\/2022\/11\/IMG_7242-1024x463.jpg\" class=\"attachment-large size-large wp-image-766\" alt=\"\" srcset=\"https:\/\/prim.college-st-michel.info\/wp-content\/uploads\/2022\/11\/IMG_7242-1024x463.jpg 1024w, https:\/\/prim.college-st-michel.info\/wp-content\/uploads\/2022\/11\/IMG_7242-300x136.jpg 300w, https:\/\/prim.college-st-michel.info\/wp-content\/uploads\/2022\/11\/IMG_7242-768x347.jpg 768w, https:\/\/prim.college-st-michel.info\/wp-content\/uploads\/2022\/11\/IMG_7242-1536x694.jpg 1536w, https:\/\/prim.college-st-michel.info\/wp-content\/uploads\/2022\/11\/IMG_7242-2048x925.jpg 2048w\" sizes=\"(max-width: 923px) 100vw, 923px\" \/>\t\t\t\t\t\t\t\t\t\t\t\t\t\t\t<\/div>\n\t\t\t\t<\/div>\n\t\t\t\t\t<\/div>\n\t\t<\/div>\n\t\t\t\t\t<\/div>\n\t\t<\/section>\n\t\t\t\t<section class=\"elementor-section elementor-top-section elementor-element elementor-element-2723869 elementor-section-boxed elementor-section-height-default elementor-section-height-default\" data-id=\"2723869\" data-element_type=\"section\" data-e-type=\"section\">\n\t\t\t\t\t\t<div class=\"elementor-container elementor-column-gap-default\">\n\t\t\t\t\t<div class=\"elementor-column elementor-col-100 elementor-top-column elementor-element elementor-element-46f1f3a\" data-id=\"46f1f3a\" data-element_type=\"column\" data-e-type=\"column\">\n\t\t\t<div class=\"elementor-widget-wrap elementor-element-populated\">\n\t\t\t\t\t\t<div class=\"elementor-element elementor-element-29ef38f elementor-widget elementor-widget-image\" data-id=\"29ef38f\" data-element_type=\"widget\" data-e-type=\"widget\" data-widget_type=\"image.default\">\n\t\t\t\t<div class=\"elementor-widget-container\">\n\t\t\t\t\t\t\t\t\t\t\t\t\t\t\t<img loading=\"lazy\" decoding=\"async\" width=\"923\" height=\"461\" src=\"https:\/\/prim.college-st-michel.info\/wp-content\/uploads\/2022\/11\/IMG_7244-1024x511.jpg\" class=\"attachment-large size-large wp-image-768\" alt=\"\" srcset=\"https:\/\/prim.college-st-michel.info\/wp-content\/uploads\/2022\/11\/IMG_7244-1024x511.jpg 1024w, https:\/\/prim.college-st-michel.info\/wp-content\/uploads\/2022\/11\/IMG_7244-300x150.jpg 300w, https:\/\/prim.college-st-michel.info\/wp-content\/uploads\/2022\/11\/IMG_7244-768x383.jpg 768w, https:\/\/prim.college-st-michel.info\/wp-content\/uploads\/2022\/11\/IMG_7244-1536x767.jpg 1536w, https:\/\/prim.college-st-michel.info\/wp-content\/uploads\/2022\/11\/IMG_7244-2048x1022.jpg 2048w\" sizes=\"(max-width: 923px) 100vw, 923px\" \/>\t\t\t\t\t\t\t\t\t\t\t\t\t\t\t<\/div>\n\t\t\t\t<\/div>\n\t\t\t\t\t<\/div>\n\t\t<\/div>\n\t\t\t\t\t<\/div>\n\t\t<\/section>\n\t\t\t\t<\/div>\n\t\t","protected":false},"excerpt":{"rendered":"<p>Le Festival du livre se d\u00e9roulera du lundi 28 novembre au vendredi 2 d\u00e9cembre. A cette occasion, les \u00e9l\u00e8ves se rendront dans la biblioth\u00e8que de l&rsquo;\u00e9cole en compagnie de leur titulaire pour y d\u00e9couvrir une s\u00e9lection de livres adapt\u00e9s \u00e0 leur \u00e2ge. Les enfants auront alors l&rsquo;occasion d&rsquo;\u00e9tablir une liste de leurs coups de coeur,&hellip;<\/p>\n","protected":false},"author":1,"featured_media":775,"comment_status":"closed","ping_status":"open","sticky":false,"template":"","format":"standard","meta":{"footnotes":""},"categories":[4,5],"tags":[],"class_list":["post-757","post","type-post","status-publish","format-standard","has-post-thumbnail","hentry","category-blog","category-news"],"_links":{"self":[{"href":"https:\/\/prim.college-st-michel.info\/index.php\/wp-json\/wp\/v2\/posts\/757","targetHints":{"allow":["GET"]}}],"collection":[{"href":"https:\/\/prim.college-st-michel.info\/index.php\/wp-json\/wp\/v2\/posts"}],"about":[{"href":"https:\/\/prim.college-st-michel.info\/index.php\/wp-json\/wp\/v2\/types\/post"}],"author":[{"embeddable":true,"href":"https:\/\/prim.college-st-michel.info\/index.php\/wp-json\/wp\/v2\/users\/1"}],"replies":[{"embeddable":true,"href":"https:\/\/prim.college-st-michel.info\/index.php\/wp-json\/wp\/v2\/comments?post=757"}],"version-history":[{"count":5,"href":"https:\/\/prim.college-st-michel.info\/index.php\/wp-json\/wp\/v2\/posts\/757\/revisions"}],"predecessor-version":[{"id":776,"href":"https:\/\/prim.college-st-michel.info\/index.php\/wp-json\/wp\/v2\/posts\/757\/revisions\/776"}],"wp:featuredmedia":[{"embeddable":true,"href":"https:\/\/prim.college-st-michel.info\/index.php\/wp-json\/wp\/v2\/media\/775"}],"wp:attachment":[{"href":"https:\/\/prim.college-st-michel.info\/index.php\/wp-json\/wp\/v2\/media?parent=757"}],"wp:term":[{"taxonomy":"category","embeddable":true,"href":"https:\/\/prim.college-st-michel.info\/index.php\/wp-json\/wp\/v2\/categories?post=757"},{"taxonomy":"post_tag","embeddable":true,"href":"https:\/\/prim.college-st-michel.info\/index.php\/wp-json\/wp\/v2\/tags?post=757"}],"curies":[{"name":"wp","href":"https:\/\/api.w.org\/{rel}","templated":true}]}}